{"id":4314,"date":"2018-10-22T20:45:14","date_gmt":"2018-10-22T17:45:14","guid":{"rendered":"http:\/\/odri.msk.ru\/?p=4314"},"modified":"2020-10-12T23:15:39","modified_gmt":"2020-10-12T20:15:39","slug":"frettatilkynning-um-afhendingarathofn-heidursmerkisins-fyrir-vinattu-og-samstarf-milli-russlands-og-islands-a-islandi","status":"publish","type":"post","link":"https:\/\/odri.msk.ru\/?p=4314","title":{"rendered":"Fr\u00e9ttatilkynning um afhendingarath\u00f6fn hei\u00f0ursmerkisins &#171;Fyrir vin\u00e1ttu og samstarf milli R\u00fasslands og \u00cdslands&#187; \u00e1 \u00cdslandi"},"content":{"rendered":"<p><a href=\"http:\/\/odri.msk.ru\/wp-content\/uploads\/2013\/04\/cropped-Logo2-e1367036059762.png\"><img loading=\"lazy\" decoding=\"async\" class=\"alignleft size-thumbnail wp-image-748\" src=\"http:\/\/odri.msk.ru\/wp-content\/uploads\/2013\/04\/cropped-Logo2-150x150.png\" alt=\"cropped-Logo2.png\" width=\"150\" height=\"150\"\/><\/a><\/p>\n<p><span style=\"font-weight: 400;\">Vin\u00e1ttuf\u00e9lag R\u00fasslands og \u00cdslands (ODRI) hefur efnt til n\u00fds hei\u00f0ursmerkis, <\/span><i><span style=\"font-weight: 400;\">Fyrir vin\u00e1ttu og samstarf milli R\u00fasslands og \u00cdslands<\/span><\/i><span style=\"font-weight: 400;\">, \u00ed tilefni af 75 \u00e1ra afm\u00e6li stj\u00f3rnm\u00e1lasambands milli landanna.<\/span><\/p>\n<p><span style=\"font-weight: 400;\">\u00deann 4. okt\u00f3ber 2018 voru li\u00f0in 75 \u00e1r fr\u00e1 \u00fev\u00ed a\u00f0 stofna\u00f0 var til stj\u00f3rnm\u00e1lasambands milli R\u00fasslands og \u00cdslands. Samband \u00feetta h\u00f3fst \u00e1 erfi\u00f0um t\u00edmum \u00feegar heimsstyrj\u00f6ldin s\u00ed\u00f0ari var \u00ed algleymingi og \u00cdsland haf\u00f0i l\u00fdst \u00fev\u00ed yfir a\u00f0 konungssambandi vi\u00f0 Danm\u00f6rku yr\u00f0i sliti\u00f0. Enda \u00fe\u00f3tt langt s\u00e9 \u00e1 milli R\u00fasslands og \u00cdslands hafa l\u00f6ndin jafnan sta\u00f0i\u00f0 saman \u00feegar miki\u00f0 hefur legi\u00f0 vi\u00f0 og \u00edb\u00faar hvors lands um sig hafa s\u00fdnt menningu hins \u00e1huga. \u00cdslenskir sj\u00f3menn t\u00f3ku \u00fe\u00e1tt \u00ed \u00cdshafsskipalestum str\u00ed\u00f0s\u00e1ranna. Sov\u00e9tr\u00edkin veittu \u00cdslandi stu\u00f0ning \u00feegar \u00feorskastr\u00ed\u00f0in st\u00f3\u00f0u yfir og \u00cdsland, l\u00edti\u00f0 eyr\u00edki, st\u00f3\u00f0 \u00ed deilum vi\u00f0 Bretland og bar\u00f0ist fyrir efnahagssj\u00e1lfst\u00e6\u00f0i s\u00ednu. Halld\u00f3r Kiljan Laxness, s\u00edgildur \u00edslenskur rith\u00f6fundur, fer\u00f0a\u00f0ist um Sov\u00e9tr\u00edkin. \u00c1 Kvikmyndasafni \u00cdslands er st\u00e6rsta safn r\u00fassneskra kvikmynda \u00ed heiminum. \u00cdslenskir st\u00fadentar hafa haldi\u00f0 til h\u00e1sk\u00f3lan\u00e1ms \u00ed R\u00fasslandi allt fr\u00e1 sj\u00f6tta \u00e1ratug 20. aldar og r\u00fassneskir n\u00e1msmenn hafa s\u00f3tt s\u00e9r h\u00e1sk\u00f3lamenntun til Reykjav\u00edkur fr\u00e1 \u00fev\u00ed \u00e1 n\u00edunda \u00e1ratugnum. Sov\u00e9skir \u00ed\u00fer\u00f3tta\u00fej\u00e1lfarar hafa lagt l\u00f3\u00f0 sitt \u00e1 vogarsk\u00e1lar framfara \u00ed \u00ed\u00fer\u00f3ttum \u00e1 \u00cdslandi, en \u00edslenskir knattspyrnumenn leika n\u00fa me\u00f0 li\u00f0um \u00ed r\u00fassnesku \u00farvalsdeildinni. \u00c1ri\u00f0 1950 voru f\u00e9lagasamt\u00f6kin M\u00cdR stofnu\u00f0 \u00ed Reykjav\u00edk, e\u00f0a f\u00e9lag um menningartengsl \u00cdslands og R\u00fasslands. \u00c1ri\u00f0 2012 var\u00f0 svo ODRI, Vin\u00e1ttuf\u00e9lag R\u00fasslands og \u00cdslands, til \u00ed Moskvu.<\/span><\/p>\n<p><span style=\"font-weight: 400;\">N\u00fa \u00e1 d\u00f6gum er heimurinn opnari en \u00e1\u00f0ur. Nokku\u00f0 er um a\u00f0 r\u00fassneskir r\u00edkisborgarar b\u00fai \u00e1 \u00cdslandi og eins er \u00cdslendinga a\u00f0 finna me\u00f0al \u00edb\u00faa R\u00fasslands. \u00c1 afm\u00e6lis\u00e1ri stj\u00f3rnm\u00e1lasambandsins var\u00f0 \u00fea\u00f0 a\u00f0 r\u00e1\u00f0i ODRI-f\u00e9laga a\u00f0 stofna til s\u00e9rstaks <\/span><i><span style=\"font-weight: 400;\">Vin\u00e1ttu-hei\u00f0ursmerkis<\/span><\/i><span style=\"font-weight: 400;\"> \u00e1 vegum f\u00e9lagsins og veita \u00fea\u00f0 \u00feeim sem hafa lagt h\u00f6nd \u00e1 pl\u00f3g vi\u00f0 a\u00f0 efla og \u00fer\u00f3a einl\u00e6g samskipti milli \u00fej\u00f3\u00f0anna tveggja.<\/span><\/p>\n<p><span style=\"font-weight: 400;\">\u00deessar ver\u00f0launaafhendingar hafa n\u00fa \u00feegar fari\u00f0 fram:<\/span><\/p>\n<p><span style=\"font-weight: 400;\">&#8212; 11. september \u00ed Moskvu \u00feegar \u00feess var minnst a\u00f0 115 \u00e1r voru li\u00f0in fr\u00e1 f\u00e6\u00f0ingu M\u00edkha\u00edls Stebl\u00edn-Kamensk\u00edjs en hann var \u00feekktur sov\u00e9skur \u00edslenskufr\u00e6\u00f0ingur og hei\u00f0ursdoktor vi\u00f0 H\u00e1sk\u00f3la \u00cdslands;<\/span><\/p>\n<p><span style=\"font-weight: 400;\">&#8212; 4. okt\u00f3ber \u00ed Moskvu, \u00e1 kv\u00f6ldv\u00f6ku \u00ed tilefni af 75 \u00e1ra afm\u00e6li stj\u00f3rnm\u00e1lasambands milli landanna tveggja en h\u00fan var haldin me\u00f0 stu\u00f0ningi sendir\u00e1\u00f0s \u00cdslands \u00ed R\u00fasslandi.<\/span><\/p>\n<p><span style=\"font-weight: 400;\">Stj\u00f3rnarmenn ODRI undirb\u00faa n\u00fa n\u00e6stu hei\u00f0ursmerkisveitingar \u00ed Reykjav\u00edk: <\/span><\/p>\n<p><span style=\"font-weight: 400;\">&#8212; 24. okt\u00f3ber \u00ed sendir\u00e1\u00f0i R\u00fasslands \u00e1 \u00cdslandi;<\/span><\/p>\n<p><span style=\"font-weight: 400;\">&#8212; 25. okt\u00f3ber \u00ed H\u00e1sk\u00f3la \u00cdslands.<\/span><\/p>\n<p><span style=\"font-weight: 400;\">Stj\u00f3rn ODRI \u00f3skar \u00edslenskum R\u00fasslandsvinum til hamingju me\u00f0 75 \u00e1ra vin\u00e1ttuafm\u00e6li landa okkar og b\u00fd\u00f0ur til samstarfs!<\/span><\/p>\n","protected":false},"excerpt":{"rendered":"<p>Vin\u00e1ttuf\u00e9lag R\u00fasslands og \u00cdslands (ODRI) hefur efnt til n\u00fds hei\u00f0ursmerkis, Fyrir vin\u00e1ttu og samstarf milli R\u00fasslands og \u00cdslands, \u00ed tilefni af 75 \u00e1ra afm\u00e6li stj\u00f3rnm\u00e1lasambands milli landanna. \u00deann 4. okt\u00f3ber 2018 voru li\u00f0in 75 \u00e1r fr\u00e1 \u00fev\u00ed a\u00f0 stofna\u00f0 var til stj\u00f3rnm\u00e1lasambands milli R\u00fasslands og \u00cdslands. Samband \u00feetta h\u00f3fst \u00e1 erfi\u00f0um t\u00edmum \u00feegar heimsstyrj\u00f6ldin s\u00ed\u00f0ari [&hellip;]<\/p>\n","protected":false},"author":1,"featured_media":0,"comment_status":"closed","ping_status":"open","sticky":false,"template":"","format":"standard","meta":{"ngg_post_thumbnail":0,"footnotes":""},"categories":[57],"tags":[],"class_list":["post-4314","post","type-post","status-publish","format-standard","hentry","category-75-years-diplomat"],"_links":{"self":[{"href":"https:\/\/odri.msk.ru\/index.php?rest_route=\/wp\/v2\/posts\/4314","targetHints":{"allow":["GET"]}}],"collection":[{"href":"https:\/\/odri.msk.ru\/index.php?rest_route=\/wp\/v2\/posts"}],"about":[{"href":"https:\/\/odri.msk.ru\/index.php?rest_route=\/wp\/v2\/types\/post"}],"author":[{"embeddable":true,"href":"https:\/\/odri.msk.ru\/index.php?rest_route=\/wp\/v2\/users\/1"}],"replies":[{"embeddable":true,"href":"https:\/\/odri.msk.ru\/index.php?rest_route=%2Fwp%2Fv2%2Fcomments&post=4314"}],"version-history":[{"count":2,"href":"https:\/\/odri.msk.ru\/index.php?rest_route=\/wp\/v2\/posts\/4314\/revisions"}],"predecessor-version":[{"id":4317,"href":"https:\/\/odri.msk.ru\/index.php?rest_route=\/wp\/v2\/posts\/4314\/revisions\/4317"}],"wp:attachment":[{"href":"https:\/\/odri.msk.ru\/index.php?rest_route=%2Fwp%2Fv2%2Fmedia&parent=4314"}],"wp:term":[{"taxonomy":"category","embeddable":true,"href":"https:\/\/odri.msk.ru\/index.php?rest_route=%2Fwp%2Fv2%2Fcategories&post=4314"},{"taxonomy":"post_tag","embeddable":true,"href":"https:\/\/odri.msk.ru\/index.php?rest_route=%2Fwp%2Fv2%2Ftags&post=4314"}],"curies":[{"name":"wp","href":"https:\/\/api.w.org\/{rel}","templated":true}]}}