{"id":1506,"date":"2014-10-07T01:17:45","date_gmt":"2014-10-06T21:17:45","guid":{"rendered":"http:\/\/odri.msk.ru\/?p=1506"},"modified":"2018-12-22T21:09:29","modified_gmt":"2018-12-22T18:09:29","slug":"1506","status":"publish","type":"post","link":"https:\/\/odri.msk.ru\/?p=1506","title":{"rendered":"R\u00daSSNESKIR DAGAR \u00c1 \u00cdSLANDI"},"content":{"rendered":"<p align=\"center\"><b style=\"letter-spacing: 0.05em; line-height: 1.6875;\"><a href=\"http:\/\/odri.msk.ru\/wp-content\/uploads\/2014\/10\/\u0440\u0443\u0441\u0441\u043a\u0438\u0439-\u043c\u0438\u0440.jpg\"><img loading=\"lazy\" decoding=\"async\" class=\" wp-image-1500 alignleft\" src=\"http:\/\/odri.msk.ru\/wp-content\/uploads\/2014\/10\/\u0440\u0443\u0441\u0441\u043a\u0438\u0439-\u043c\u0438\u0440.jpg\" alt=\"-\u0440\u0443\u0441\u0441\u043a\u0438\u0439 \u043c\u0438\u0440\" width=\"171\" height=\"98\"\/><\/a><\/b><\/p>\n<p align=\"center\"><a href=\"http:\/\/odri.msk.ru\/wp-content\/uploads\/2013\/04\/cropped-Logo2-e1367036059762.png\"><img loading=\"lazy\" decoding=\"async\" class=\" wp-image-748 alignleft\" src=\"http:\/\/odri.msk.ru\/wp-content\/uploads\/2013\/04\/cropped-Logo2-300x300.png\" alt=\"cropped-Logo2.png\" width=\"108\" height=\"108\"\/><\/a><\/p>\n<p align=\"center\"><b style=\"letter-spacing: 0.05em; line-height: 1.6875;\">&nbsp;<\/b><\/p>\n<p align=\"center\"><a href=\"http:\/\/odri.msk.ru\/wp-content\/uploads\/2013\/08\/MIR_logo.gif\"><img loading=\"lazy\" decoding=\"async\" class=\"alignright size-medium wp-image-1009\" src=\"http:\/\/odri.msk.ru\/wp-content\/uploads\/2013\/08\/MIR_logo-300x39.gif\" alt=\"MIR_logo\" width=\"300\" height=\"39\"\/><\/a><\/p>\n<p align=\"center\"><b>11<\/b><b>.<\/b><b>-15.10.2014&nbsp;&nbsp; <\/b><b>Reykjav\u00edk<\/b><\/p>\n<p align=\"center\"><b>&nbsp;<\/b><\/p>\n<p align=\"center\"><b>\u201eR\u00daSSNESKIR DAGAR \u00c1 \u00cdSLANDI\u201c<\/b><b><\/b><\/p>\n<p align=\"center\"><b>&nbsp;<\/b><\/p>\n<p align=\"left\"><b>K\u00e6ru vinir<\/b><b>!&nbsp;<\/b><b>Vin\u00e1ttuf\u00e9lag R\u00fasslands og \u00cdslands <\/b><b>\u00ab<\/b><b>ODRI<\/b><b>\u00bb <\/b><b>og Menningarsamband \u00cdslands og R\u00fasslands<\/b><b> \u00abM<\/b><b>\u00cd<\/b><b>R\u00bb <\/b><b>bj\u00f3\u00f0a ykkur h\u00e9r me\u00f0 \u00e1 \u201eR\u00daSSNESKA DAGA \u00c1 \u00cdSLANDI\u201c<\/b><b>.&nbsp;<\/b><b>DAGSSKR\u00c1<\/b><b>:<\/b><\/p>\n<p><b><a href=\"http:\/\/odri.msk.ru\/wp-content\/uploads\/2014\/10\/\u0424\u043e\u0442\u043e-\u043e-\u041a\u043e\u043d\u043a\u0443\u0440\u0441\u0435.jpg\"><img loading=\"lazy\" decoding=\"async\" class=\"size-medium wp-image-1501 alignleft\" src=\"http:\/\/odri.msk.ru\/wp-content\/uploads\/2014\/10\/\u0424\u043e\u0442\u043e-\u043e-\u041a\u043e\u043d\u043a\u0443\u0440\u0441\u0435-300x194.jpg\" alt=\"\u0424\u043e\u0442\u043e \u043e \u041a\u043e\u043d\u043a\u0443\u0440\u0441\u0435\" width=\"300\" height=\"194\" srcset=\"https:\/\/odri.msk.ru\/wp-content\/uploads\/2014\/10\/\u0424\u043e\u0442\u043e-\u043e-\u041a\u043e\u043d\u043a\u0443\u0440\u0441\u0435-300x194.jpg 300w, https:\/\/odri.msk.ru\/wp-content\/uploads\/2014\/10\/\u0424\u043e\u0442\u043e-\u043e-\u041a\u043e\u043d\u043a\u0443\u0440\u0441\u0435.jpg 977w\" sizes=\"auto, (max-width: 300px) 100vw, 300px\" \/><\/a>1<\/b><b>1. okt\u00f3ber, laugardaginn <\/b><b>16-00. (<\/b><b>Tjarnarg\u00f6tu <\/b><b>11, <\/b><b>R\u00e1\u00f0h\u00fas Reykjav\u00edkur<\/b><b>). <\/b><b>Lj\u00f3smyndas\u00fdningin <i>\u201eLj\u00f3\u00f0r\u00e6nar myndir fr\u00e1 R\u00fasslandi\u201c<\/i> ver\u00f0ur opnu\u00f0<\/b><b>. <\/b><b>Bo\u00f0sgestir eru borgarstj\u00f3ri Reykjav\u00edkur, sendiherra R\u00fasslands, forseti M\u00cdR, forma\u00f0ur ODRI og fl. Lj\u00f3\u00f0aupplestur. Veitingar \u00ed bo\u00f0i Sendir\u00e1\u00f0sins R\u00fassneska Sambandsr\u00edkisins.<\/b><\/p>\n<p>&nbsp;<\/p>\n<p><b>&nbsp;<\/b><\/p>\n<p><b>12. okt\u00f3ber, sunnudaginn. 12-00. (Hverfisg\u00f6tu 105, \u00ed h\u00fasakynnum M\u00cdR). Lj\u00f3\u00f0aupplestur \u00e1 r\u00fassnesku og \u00edslensku, tebo\u00f0. \u00de\u00e1tttakendur eru nemendur r\u00fassneska barnask\u00f3lans \u00ed M\u00cdR og h\u00e1sk\u00f3lanemendur \u00ed r\u00fassneskun\u00e1mi<\/b><b>.<\/b><\/p>\n<p><b>&nbsp;<\/b><\/p>\n<p><b><a href=\"http:\/\/odri.msk.ru\/wp-content\/uploads\/2014\/10\/Amarow.jpg\"><img loading=\"lazy\" decoding=\"async\" class=\" wp-image-1502 alignleft\" src=\"http:\/\/odri.msk.ru\/wp-content\/uploads\/2014\/10\/Amarow-300x199.jpg\" alt=\"Amarow\" width=\"180\" height=\"119\" srcset=\"https:\/\/odri.msk.ru\/wp-content\/uploads\/2014\/10\/Amarow-300x199.jpg 300w, https:\/\/odri.msk.ru\/wp-content\/uploads\/2014\/10\/Amarow.jpg 383w\" sizes=\"auto, (max-width: 180px) 100vw, 180px\" \/><\/a>13<\/b><b>. okt\u00f3ber, m\u00e1nudaginn<\/b><b>. 18-00. (<\/b><b>Hverfisg\u00f6tu<\/b><b> 105, <\/b><b>\u00ed h\u00fasakynnum M\u00cdR<\/b><b>). <\/b><b>Kynningarkv\u00f6ld leikstj\u00f3rans, myndat\u00f6kumanns og lj\u00f3smyndarans Bor\u00eds Amarov \u201eR\u00fassneska Nor\u00f0urskautssv\u00e6\u00f0i\u00f0: l\u00edfsl\u00ednan\u201c<\/b><b>. <\/b><b>S\u00fdndar ver\u00f0a heimildamyndirnar<\/b><b> <\/b><b>\u201eCape Desire<\/b><b>. <\/b><b>Taste of Honey\u201c og \u201eStepan\u00edda. Blessun Hv\u00edta Sei\u00f0mannsins\u201c<\/b><b>.<\/b><\/p>\n<p>&nbsp;<\/p>\n<p><b><a href=\"http:\/\/odri.msk.ru\/wp-content\/uploads\/2014\/10\/\u0421\u043e\u0448\u043d\u0438\u043a\u043e\u0432.jpg\"><img loading=\"lazy\" decoding=\"async\" class=\" wp-image-1503 alignleft\" src=\"http:\/\/odri.msk.ru\/wp-content\/uploads\/2014\/10\/\u0421\u043e\u0448\u043d\u0438\u043a\u043e\u0432-253x300.jpg\" alt=\"\u0421\u043e\u0448\u043d\u0438\u043a\u043e\u0432\" width=\"152\" height=\"180\" srcset=\"https:\/\/odri.msk.ru\/wp-content\/uploads\/2014\/10\/\u0421\u043e\u0448\u043d\u0438\u043a\u043e\u0432-253x300.jpg 253w, https:\/\/odri.msk.ru\/wp-content\/uploads\/2014\/10\/\u0421\u043e\u0448\u043d\u0438\u043a\u043e\u0432.jpg 600w\" sizes=\"auto, (max-width: 152px) 100vw, 152px\" \/><\/a>14. okt\u00f3ber, \u00feri\u00f0judaginn. 18-00. (Hverfisg\u00f6tu 105, \u00ed h\u00fasakynnum M\u00cdR). Kynningarkv\u00f6ld lj\u00f3smyndarans Vlad\u00edm\u00edrs Sosjn\u00edkovs \u201eMa\u00f0ur og landslagsmynd. Brot \u00far lj\u00f3smyndafer\u00f0um um R\u00fassland\u201c. <\/b><\/p>\n<p><b>&nbsp;<\/b><\/p>\n<p><b>15<\/b><b>. okt\u00f3ber,<\/b><b> <\/b><b>mi\u00f0vikudaginn<\/b><b>. 12-00. (<\/b><b>Tjarnarg\u00f6tu<\/b><b>,<\/b><b> <\/b><b>11<\/b><b>, R\u00e1\u00f0h\u00fas Reykjav\u00edkur<\/b><b>). <\/b><b>Lj\u00f3smyndas\u00fdningunni <\/b><b>&nbsp;<\/b><b><i>\u201eLj\u00f3\u00f0r\u00e6nar myndir fr\u00e1 R\u00fasslandi\u201c<\/i><\/b><b> loka\u00f0 \u00ed R\u00e1\u00f0h\u00fasi Reykjav\u00edkur. Myndirnar ver\u00f0a afhentar f\u00e9laginu M\u00cdR; H\u00e1sk\u00f3la \u00cdslands og Sendir\u00e1\u00f0i R\u00fassneska Sambandsr\u00edkisins \u00e1 \u00cdslandi.<\/b><\/p>\n<p><b>&nbsp;<\/b><\/p>\n<p align=\"center\"><b>&nbsp;<\/b><\/p>\n<p align=\"center\"><b>\u00deeim sem hafa einhverjar spurningar er bent \u00e1 a\u00f0 hafa samband<\/b><b>: &nbsp;<\/b><b><a href=\"mailto:odri2012@inbox.ru\">odri2012@inbox.ru<\/a><\/b><b> og <\/b><b><a href=\"mailto:felmir@mmedia.is\">felmir@mmedia.is<\/a><\/b><b><\/b><\/p>\n<p align=\"center\"><b>&nbsp;<\/b><\/p>\n<p>&nbsp;<\/p>\n<p align=\"center\"><b><\/b><b>&nbsp;<\/b><b><\/b><\/p>\n<p align=\"left\"><b>&nbsp;<\/b><\/p>\n<p align=\"center\"><b>&nbsp;<\/b><\/p>\n<p align=\"center\"><b>&nbsp;<\/b><\/p>\n<p align=\"center\"><b>&nbsp;<\/b><\/p>\n","protected":false},"excerpt":{"rendered":"<p>&nbsp; 11.-15.10.2014&nbsp;&nbsp; Reykjav\u00edk &nbsp; \u201eR\u00daSSNESKIR DAGAR \u00c1 \u00cdSLANDI\u201c &nbsp; K\u00e6ru vinir!&nbsp;Vin\u00e1ttuf\u00e9lag R\u00fasslands og \u00cdslands \u00abODRI\u00bb og Menningarsamband \u00cdslands og R\u00fasslands \u00abM\u00cdR\u00bb bj\u00f3\u00f0a ykkur h\u00e9r me\u00f0 \u00e1 \u201eR\u00daSSNESKA DAGA \u00c1 \u00cdSLANDI\u201c.&nbsp;DAGSSKR\u00c1: 11. okt\u00f3ber, laugardaginn 16-00. (Tjarnarg\u00f6tu 11, R\u00e1\u00f0h\u00fas Reykjav\u00edkur). Lj\u00f3smyndas\u00fdningin \u201eLj\u00f3\u00f0r\u00e6nar myndir fr\u00e1 R\u00fasslandi\u201c ver\u00f0ur opnu\u00f0. Bo\u00f0sgestir eru borgarstj\u00f3ri Reykjav\u00edkur, sendiherra R\u00fasslands, forseti M\u00cdR, forma\u00f0ur ODRI [&hellip;]<\/p>\n","protected":false},"author":1,"featured_media":0,"comment_status":"open","ping_status":"open","sticky":false,"template":"","format":"standard","meta":{"ngg_post_thumbnail":0,"footnotes":""},"categories":[57,63,21],"tags":[],"class_list":["post-1506","post","type-post","status-publish","format-standard","hentry","category-75-years-diplomat","category-cultural-exchange","category-21"],"_links":{"self":[{"href":"https:\/\/odri.msk.ru\/index.php?rest_route=\/wp\/v2\/posts\/1506","targetHints":{"allow":["GET"]}}],"collection":[{"href":"https:\/\/odri.msk.ru\/index.php?rest_route=\/wp\/v2\/posts"}],"about":[{"href":"https:\/\/odri.msk.ru\/index.php?rest_route=\/wp\/v2\/types\/post"}],"author":[{"embeddable":true,"href":"https:\/\/odri.msk.ru\/index.php?rest_route=\/wp\/v2\/users\/1"}],"replies":[{"embeddable":true,"href":"https:\/\/odri.msk.ru\/index.php?rest_route=%2Fwp%2Fv2%2Fcomments&post=1506"}],"version-history":[{"count":6,"href":"https:\/\/odri.msk.ru\/index.php?rest_route=\/wp\/v2\/posts\/1506\/revisions"}],"predecessor-version":[{"id":5009,"href":"https:\/\/odri.msk.ru\/index.php?rest_route=\/wp\/v2\/posts\/1506\/revisions\/5009"}],"wp:attachment":[{"href":"https:\/\/odri.msk.ru\/index.php?rest_route=%2Fwp%2Fv2%2Fmedia&parent=1506"}],"wp:term":[{"taxonomy":"category","embeddable":true,"href":"https:\/\/odri.msk.ru\/index.php?rest_route=%2Fwp%2Fv2%2Fcategories&post=1506"},{"taxonomy":"post_tag","embeddable":true,"href":"https:\/\/odri.msk.ru\/index.php?rest_route=%2Fwp%2Fv2%2Ftags&post=1506"}],"curies":[{"name":"wp","href":"https:\/\/api.w.org\/{rel}","templated":true}]}}