{"id":10742,"date":"2023-03-18T10:15:05","date_gmt":"2023-03-18T07:15:05","guid":{"rendered":"http:\/\/odri.msk.ru\/?p=10742"},"modified":"2023-03-23T23:59:21","modified_gmt":"2023-03-23T20:59:21","slug":"gudrun-kristjansdottir-verdur-jardsett-17-mars-i-svithjod-hun-var-laeknir-sem-utsrkifadist-fra-moskvu-laeknisskolanum","status":"publish","type":"post","link":"https:\/\/odri.msk.ru\/?p=10742","title":{"rendered":"Gu\u00f0r\u00fan Kristj\u00e1nsd\u00f3ttir var jar\u00f0sett \u00feann 17. mars \u00ed Sv\u00ed\u00fej\u00f3\u00f0. H\u00fan var l\u00e6knir sem \u00fatskrifa\u00f0ist fr\u00e1 Moskvu l\u00e6knask\u00f3lanum."},"content":{"rendered":"<p class=\"228bf8a64b8551e1MsoNormal\"><span lang=\"IS\">Gu\u00f0r\u00fan Kristj\u00e1nsd\u00f3ttir (komin \u00ed heiminn 20. ma\u00ed 1939, l\u00e9st 25. februar 2023) var f\u00e6dd \u00ed Reykjav\u00edk \u00ed&nbsp; fj\u00f6lskyldu Kristj\u00e1ns P\u00e1ls P\u00e9turssonar, sj\u00f3manns a\u00f0 \u00e6tt og uppruna. H\u00fan var d\u00f3ttir h\u00fasm\u00f3\u00f0ur N\u00f6nnu Gu\u00f0mundsd\u00f3ttur, en Nanna var d\u00f3ttir eins af stofnendum Samfylkingarinnar, Gu\u00f0mundar J\u00f3nssonar. Gu\u00f0r\u00fan minntist a\u00f0 hann v\u00e6ri mj\u00f6g hei\u00f0arlegur og duglegur ma\u00f0ur. \u00dea\u00f0 voru fimm b\u00f6rn, br\u00f3\u00f0ir og fj\u00f3rar systur. Ein af systrunum, \u00c1sta, starfa\u00f0i sem ritari hj\u00e1 \u00edslenska sendir\u00e1\u00f0inu \u00ed Sov\u00e9tr\u00edkjunum. Gu\u00f0r\u00fan sj\u00e1lf \u00f3l d\u00f3ttur sem var sk\u00edr\u00f0 Nanna eftir m\u00f3\u00f0ur sinni.<\/span><\/p>\n<figure id=\"attachment_10690\" aria-describedby=\"caption-attachment-10690\" style=\"width: 1024px\" class=\"wp-caption aligncenter\"><a href=\"http:\/\/odri.msk.ru\/wp-content\/uploads\/2023\/03\/IMG_20191005_121528-scaled.jpg\"><img loading=\"lazy\" decoding=\"async\" class=\"wp-image-10690 size-large\" src=\"http:\/\/odri.msk.ru\/wp-content\/uploads\/2023\/03\/IMG_20191005_121528-1024x768.jpg\" alt=\"\" width=\"1024\" height=\"768\" srcset=\"https:\/\/odri.msk.ru\/wp-content\/uploads\/2023\/03\/IMG_20191005_121528-1024x768.jpg 1024w, https:\/\/odri.msk.ru\/wp-content\/uploads\/2023\/03\/IMG_20191005_121528-300x225.jpg 300w, https:\/\/odri.msk.ru\/wp-content\/uploads\/2023\/03\/IMG_20191005_121528-150x112.jpg 150w, https:\/\/odri.msk.ru\/wp-content\/uploads\/2023\/03\/IMG_20191005_121528-768x576.jpg 768w, https:\/\/odri.msk.ru\/wp-content\/uploads\/2023\/03\/IMG_20191005_121528-1536x1152.jpg 1536w, https:\/\/odri.msk.ru\/wp-content\/uploads\/2023\/03\/IMG_20191005_121528-2048x1536.jpg 2048w\" sizes=\"auto, (max-width: 1024px) 100vw, 1024px\" \/><\/a><figcaption id=\"caption-attachment-10690\" class=\"wp-caption-text\">Gu\u00f0r\u00fan Kristj\u00e1nsd\u00f3ttir, 5 \u00e1ra)&nbsp;<\/figcaption><\/figure>\n<p class=\"228bf8a64b8551e1MsoNormal\"><span lang=\"IS\">H\u00fan minnist a\u00f0 besta vinkona s\u00edn v\u00e6ri d\u00f3ttir Einars Olgeirssonar, formannsins&nbsp;S\u00f3s\u00edalistaflokksins. Hann lag\u00f0i mikla \u00e1herslu \u00e1 mennta\u00e1\u00e6tlanir me\u00f0 nemendaskipti og Gu\u00f0r\u00fan s\u00f3tti um eina af \u00feeim. H\u00fan segir \u201e\u00e9g hef alltaf haft \u00e1huga \u00e1 Sov\u00e9tr\u00edkjunum \u00fear sem mig langa\u00f0i svo miki\u00f0 a\u00f0 stunda n\u00e1m. \u00dea\u00f0 var Kristinn Gu\u00f0mundsson sem kenndi m\u00f6mmu minni einu sinni og var\u00f0 l\u00edka&nbsp; sendiherra \u00cdslands \u00e1 \u00feeim t\u00edma. \u00c9g var\u00f0 gl\u00f6\u00f0, enda vissi \u00e9g a\u00f0 \u00fea\u00f0 ver\u00f0i n\u00e1inn ma\u00f0ur n\u00e1l\u00e6gt&nbsp;m\u00e9r\u201c.<\/span><\/p>\n<p class=\"228bf8a64b8551e1MsoNormal\"><span lang=\"IS\">\u00c1ri\u00f0 1965 kom Gu\u00f0r\u00fan \u00ed Moskvu til a\u00f0 afla s\u00e9r menntunar \u00ed l\u00e6knisfr\u00e6\u00f0i en fyrst s\u00f3tti h\u00fan n\u00e1m \u00ed r\u00fassnesku \u00ed undirb\u00faningsdeildinni \u00ed H\u00e1sk\u00f3lanum Moskvu. Gu\u00f0r\u00fan minnist \u00feess t\u00edma me\u00f0 hl\u00fdju en ekki s\u00edst kennara og vilja s\u00edns a\u00f0 kynnast l\u00edfi Moskvub\u00faanna. \u00dea\u00f0 voru nokkrir nemendur fr\u00e1 \u00cdslandi \u00e1 \u00feeim t\u00edma \u00ed R\u00fasslandi. N\u00e1nasti vinur hennar var\u00f0 Haraldur Fri\u00f0riksson, nemandi \u00ed Kvikmyndask\u00f3lanum. \u00deau f\u00f3ru saman \u00e1 Rau\u00f0a Torgi\u00f0 hinn fyrsta dag eftir komu sinni til Moskvu. Gu\u00f0r\u00fanu gekk vel \u00ed n\u00e1minu \u00ed l\u00e6knask\u00f3lanum og hana dreymdi a\u00f0 gerast g\u00f3\u00f0ur l\u00e6knir, og \u00feess vegna nota\u00f0i h\u00fan alla t\u00ed\u00f0 fyrir l\u00e6knisfr\u00e6\u00f0i en starfa\u00f0i samhli\u00f0a sem bla\u00f0akona hj\u00e1 bla\u00f0inu \u00dej\u00f3\u00f0viljinn. \u201e\u00c9g f\u00e9kk mikinn stu\u00f0ning fr\u00e1 ind\u00e6lu og g\u00f3\u00f0hj\u00f6rtu\u00f0u f\u00f3lki \u00ed Moskvu og \u00fev\u00ed var \u00fea\u00f0 ekki svo erfitt\u201c segir h\u00fan. \u201eEn veturnir voru eiginlega kaldari en \u00e1 \u00cdslandi. Hj\u00e1 okkur eru \u00feeir nefnilega langir en ekki svo frostmiklir\u201c.<\/span><\/p>\n<figure id=\"attachment_10695\" aria-describedby=\"caption-attachment-10695\" style=\"width: 768px\" class=\"wp-caption aligncenter\"><a href=\"http:\/\/odri.msk.ru\/wp-content\/uploads\/2023\/03\/IMG_20191005_121226-scaled.jpg\"><img loading=\"lazy\" decoding=\"async\" class=\"wp-image-10695 size-large\" src=\"http:\/\/odri.msk.ru\/wp-content\/uploads\/2023\/03\/IMG_20191005_121226-768x1024.jpg\" alt=\"\" width=\"768\" height=\"1024\" srcset=\"https:\/\/odri.msk.ru\/wp-content\/uploads\/2023\/03\/IMG_20191005_121226-768x1024.jpg 768w, https:\/\/odri.msk.ru\/wp-content\/uploads\/2023\/03\/IMG_20191005_121226-225x300.jpg 225w, https:\/\/odri.msk.ru\/wp-content\/uploads\/2023\/03\/IMG_20191005_121226-112x150.jpg 112w, https:\/\/odri.msk.ru\/wp-content\/uploads\/2023\/03\/IMG_20191005_121226-1152x1536.jpg 1152w, https:\/\/odri.msk.ru\/wp-content\/uploads\/2023\/03\/IMG_20191005_121226-1536x2048.jpg 1536w, https:\/\/odri.msk.ru\/wp-content\/uploads\/2023\/03\/IMG_20191005_121226-scaled.jpg 1920w\" sizes=\"auto, (max-width: 768px) 100vw, 768px\" \/><\/a><figcaption id=\"caption-attachment-10695\" class=\"wp-caption-text\">Gu\u00f0r\u00fan Kristj\u00e1nsd\u00f3ttir, \u00e1ttandi \u00e1ratugur \u00ed Moskvu.<\/figcaption><\/figure>\n<figure id=\"attachment_10706\" aria-describedby=\"caption-attachment-10706\" style=\"width: 1929px\" class=\"wp-caption aligncenter\"><a href=\"http:\/\/odri.msk.ru\/wp-content\/uploads\/2023\/03\/5.02.1969.-scaled.jpg\"><img loading=\"lazy\" decoding=\"async\" class=\"wp-image-10706 size-full\" src=\"http:\/\/odri.msk.ru\/wp-content\/uploads\/2023\/03\/5.02.1969.-scaled.jpg\" alt=\"\" width=\"1929\" height=\"2560\" srcset=\"https:\/\/odri.msk.ru\/wp-content\/uploads\/2023\/03\/5.02.1969.-scaled.jpg 1929w, https:\/\/odri.msk.ru\/wp-content\/uploads\/2023\/03\/5.02.1969.-226x300.jpg 226w, https:\/\/odri.msk.ru\/wp-content\/uploads\/2023\/03\/5.02.1969.-771x1024.jpg 771w, https:\/\/odri.msk.ru\/wp-content\/uploads\/2023\/03\/5.02.1969.-113x150.jpg 113w, https:\/\/odri.msk.ru\/wp-content\/uploads\/2023\/03\/5.02.1969.-768x1019.jpg 768w, https:\/\/odri.msk.ru\/wp-content\/uploads\/2023\/03\/5.02.1969.-1157x1536.jpg 1157w, https:\/\/odri.msk.ru\/wp-content\/uploads\/2023\/03\/5.02.1969.-1543x2048.jpg 1543w\" sizes=\"auto, (max-width: 1929px) 100vw, 1929px\" \/><\/a><figcaption id=\"caption-attachment-10706\" class=\"wp-caption-text\">5. febr\u00faar 1969. Greinin eftir Gu\u00f0r\u00fanu Kristj\u00e1nsd\u00f3ttur \u00ed bla\u00f0inu \u00dej\u00f3\u00f0viljinn um Kvikmyndask\u00f3lann og \u00edslensk<span lang=\"IS\">u<\/span>&nbsp;nemendur Harald Fri\u00f0riksson og Ingibj\u00f6rgu Haraldsd\u00f3ttur.<\/figcaption><\/figure>\n<p><span style=\"font-size: 1.125rem;\">Fyrst umgekkst \u00e9g \u00cdslendinga og s\u00ed\u00f0an f\u00f3r \u00e9g a\u00f0 vingast vi\u00f0 marga R\u00fassa, yfirleitt utan h\u00e1sk\u00f3lans. \u00c9g var heppin a\u00f0 kynnast \u00fe\u00f3nokkrum skemmtilegum m\u00f6nnum og t\u00f3kst m\u00e9r a\u00f0 komast til \u00fdmis<span lang=\"IS\">sa<\/span>&nbsp;hluta Sov\u00e9tr\u00edkjanna, m.a. Birobidzhan, M\u00farmansk, Bajkal\u2026 Greinirnar m\u00ednar fj\u00f6llu\u00f0u a\u00f0 mestu leyti um mikilv\u00e6gar framkv\u00e6mdir og vi\u00f0bur\u00f0i, til a\u00f0 mynda um byggingu \u00e1 Bratsk virkjun vi\u00f0 Ang\u00f6ru. Hva\u00f0 var\u00f0ar listaf\u00f3lk og menningarmenn \u00feekkti \u00e9g myndh\u00f6ggvara Vladim\u00edr Lemport og Nikolaj S\u00edlis sem st\u00f6rfu\u00f0u \u00ed Moskvu \u00ed \u00fe\u00e1 mund.&nbsp; \u00dea\u00f0 var afskaplega gaman a\u00f0 fylgjast me\u00f0 sk\u00f6punarferli! Vi\u00f0 vorum \u00ed g\u00f3\u00f0um f\u00e9lagsskap me\u00f0 Kvikmyndask\u00f3last\u00fadent<span lang=\"IS\">i<\/span>&nbsp;Haraldi Fri\u00f0riksyni og fr\u00e6gum \u00edslensk<span lang=\"IS\">um<\/span>&nbsp;leikara Eyvindi Erlendssyni sem stunda\u00f0i n\u00e1m \u00ed Leiklistarsk\u00f3lanum og svi\u00f0setti \u201eKaffih\u00fas tregans\u201c (The Ballad of the Sad Caf\u00e9) eftir Edward Albee \u00ed leikh\u00fasinu Sovremennik me\u00f0 g\u00f3\u00f0um \u00e1rangri. \u00dea\u00f0 var mikill vi\u00f0bur\u00f0ur \u00ed leiklistarl\u00edfi. \u201eN\u00fa til dags er \u00e9g \u00ed g\u00f3\u00f0u sambandi vi\u00f0 Bellu P\u00e9trovnu Karams\u00ednu sem starfa\u00f0i \u00e1\u00f0ur hj\u00e1 sendir\u00e1\u00f0inu okkar og l\u00edka vi\u00f0 myndlistakonu Tatj\u00f6nu Kovr\u00edginu\u201c&nbsp;<span lang=\"IS\">heldur<\/span><span lang=\"IS\">&nbsp;<\/span>h\u00fan \u00e1fram \u00e1ri\u00f0 2019. \u201e\u00c9g held tengslum vi\u00f0 \u00e6ttingja r\u00fassneska eiginmanns m\u00edns heitins Nikolaj Sokolov, en hann var pr\u00f3fessor vi\u00f0 Boston h\u00e1sk\u00f3lann og s\u00e9fr\u00e6\u00f0ingur \u00ed sameindal\u00edffr\u00e6\u00f0i. Og \u00fea\u00f0 var J\u00farij Salnikov sem kynnti m\u00e9r fyrir starfsemi \u00edslenskukl\u00fabbsins ODR\u00cd \u00ed R\u00fasslandi. Vi\u00f0 fj\u00f6lskylda hans vorum vinir \u00ed langan t\u00edma\u201c.<\/span><\/p>\n<figure id=\"attachment_10696\" aria-describedby=\"caption-attachment-10696\" style=\"width: 1024px\" class=\"wp-caption aligncenter\"><a href=\"http:\/\/odri.msk.ru\/wp-content\/uploads\/2023\/03\/IMG_20191005_121503-scaled.jpg\"><img loading=\"lazy\" decoding=\"async\" class=\"wp-image-10696 size-large\" src=\"http:\/\/odri.msk.ru\/wp-content\/uploads\/2023\/03\/IMG_20191005_121503-1024x768.jpg\" alt=\"\" width=\"1024\" height=\"768\" srcset=\"https:\/\/odri.msk.ru\/wp-content\/uploads\/2023\/03\/IMG_20191005_121503-1024x768.jpg 1024w, https:\/\/odri.msk.ru\/wp-content\/uploads\/2023\/03\/IMG_20191005_121503-300x225.jpg 300w, https:\/\/odri.msk.ru\/wp-content\/uploads\/2023\/03\/IMG_20191005_121503-150x112.jpg 150w, https:\/\/odri.msk.ru\/wp-content\/uploads\/2023\/03\/IMG_20191005_121503-768x576.jpg 768w, https:\/\/odri.msk.ru\/wp-content\/uploads\/2023\/03\/IMG_20191005_121503-1536x1152.jpg 1536w, https:\/\/odri.msk.ru\/wp-content\/uploads\/2023\/03\/IMG_20191005_121503-2048x1536.jpg 2048w\" sizes=\"auto, (max-width: 1024px) 100vw, 1024px\" \/><\/a><figcaption id=\"caption-attachment-10696\" class=\"wp-caption-text\">Gu\u00f0r\u00fan Kristj\u00e1nsd\u00f3ttir og Nikolaj Sokolov \u00ed f\u00e9lagsskapnum vina. Moskva.<\/figcaption><\/figure>\n<figure id=\"attachment_10712\" aria-describedby=\"caption-attachment-10712\" style=\"width: 1024px\" class=\"wp-caption aligncenter\"><a href=\"http:\/\/odri.msk.ru\/wp-content\/uploads\/2023\/03\/\u0413\u0443\u0434\u0440\u0443\u043d-\u0441-\u041d\u0438\u043a\u043e\u043b\u0430\u0435\u043c-1.jpg\"><img loading=\"lazy\" decoding=\"async\" class=\"wp-image-10712 size-large\" src=\"http:\/\/odri.msk.ru\/wp-content\/uploads\/2023\/03\/\u0413\u0443\u0434\u0440\u0443\u043d-\u0441-\u041d\u0438\u043a\u043e\u043b\u0430\u0435\u043c-1-1024x379.jpg\" alt=\"\" width=\"1024\" height=\"379\" srcset=\"https:\/\/odri.msk.ru\/wp-content\/uploads\/2023\/03\/\u0413\u0443\u0434\u0440\u0443\u043d-\u0441-\u041d\u0438\u043a\u043e\u043b\u0430\u0435\u043c-1-1024x379.jpg 1024w, https:\/\/odri.msk.ru\/wp-content\/uploads\/2023\/03\/\u0413\u0443\u0434\u0440\u0443\u043d-\u0441-\u041d\u0438\u043a\u043e\u043b\u0430\u0435\u043c-1-300x111.jpg 300w, https:\/\/odri.msk.ru\/wp-content\/uploads\/2023\/03\/\u0413\u0443\u0434\u0440\u0443\u043d-\u0441-\u041d\u0438\u043a\u043e\u043b\u0430\u0435\u043c-1-150x56.jpg 150w, https:\/\/odri.msk.ru\/wp-content\/uploads\/2023\/03\/\u0413\u0443\u0434\u0440\u0443\u043d-\u0441-\u041d\u0438\u043a\u043e\u043b\u0430\u0435\u043c-1-768x285.jpg 768w, https:\/\/odri.msk.ru\/wp-content\/uploads\/2023\/03\/\u0413\u0443\u0434\u0440\u0443\u043d-\u0441-\u041d\u0438\u043a\u043e\u043b\u0430\u0435\u043c-1.jpg 1328w\" sizes=\"auto, (max-width: 1024px) 100vw, 1024px\" \/><\/a><figcaption id=\"caption-attachment-10712\" class=\"wp-caption-text\">&nbsp;Nikolaj Sokolov og Gu\u00f0r\u00fan Kristj\u00e1nsd\u00f3ttir fer\u00f0ast um \u00cdsland.<\/figcaption><\/figure>\n<p>&nbsp;<\/p>\n<p class=\"228bf8a64b8551e1MsoNormal\"><span lang=\"IS\">\u00c1ri\u00f0 1978 f\u00f3r Gu\u00f0r\u00fan Kristj\u00e1nsd\u00f3ttir fr\u00e1 R\u00fasslandi me\u00f0 manninum s\u00ednum Nikolaj Sokolov og starfa\u00f0i sem l\u00e6knir \u00e1 Landsp\u00edtala \u00ed Reykjav\u00edk fram \u00e1 \u00e1ri\u00f0 2009 og svo \u00e1 sp\u00edt\u00f6lum \u00ed Akureyri og \u00e1 Dj\u00fapavogi \u00e1 Austurlandi. Eftir 1992 settist h\u00fan \u00ed \u00de\u00f3rsh\u00f6fn og vann \u00e1 sj\u00fakrah\u00fasi \u00feanga\u00f0 til h\u00fan f\u00f3r \u00e1 eftirlaun.<\/span><\/p>\n<figure id=\"attachment_10701\" aria-describedby=\"caption-attachment-10701\" style=\"width: 1024px\" class=\"wp-caption aligncenter\"><a href=\"http:\/\/odri.msk.ru\/wp-content\/uploads\/2023\/03\/IMG_20191006_160825-scaled.jpg\"><img loading=\"lazy\" decoding=\"async\" class=\"wp-image-10701 size-large\" src=\"http:\/\/odri.msk.ru\/wp-content\/uploads\/2023\/03\/IMG_20191006_160825-1024x768.jpg\" alt=\"\" width=\"1024\" height=\"768\" srcset=\"https:\/\/odri.msk.ru\/wp-content\/uploads\/2023\/03\/IMG_20191006_160825-1024x768.jpg 1024w, https:\/\/odri.msk.ru\/wp-content\/uploads\/2023\/03\/IMG_20191006_160825-300x225.jpg 300w, https:\/\/odri.msk.ru\/wp-content\/uploads\/2023\/03\/IMG_20191006_160825-150x112.jpg 150w, https:\/\/odri.msk.ru\/wp-content\/uploads\/2023\/03\/IMG_20191006_160825-768x576.jpg 768w, https:\/\/odri.msk.ru\/wp-content\/uploads\/2023\/03\/IMG_20191006_160825-1536x1152.jpg 1536w, https:\/\/odri.msk.ru\/wp-content\/uploads\/2023\/03\/IMG_20191006_160825-2048x1536.jpg 2048w\" sizes=\"auto, (max-width: 1024px) 100vw, 1024px\" \/><\/a><figcaption id=\"caption-attachment-10701\" class=\"wp-caption-text\">Okt\u00f3ber, 2019. Gu\u00f0r\u00fan og Gu\u00f0r\u00fan Hildur s\u00fdna sp\u00edtalann og sj\u00fakrab\u00edl \u00ed \u00de\u00f3rsh\u00f6fn.<\/figcaption><\/figure>\n<p class=\"228bf8a64b8551e1MsoNormal\"><span lang=\"IS\">\u00c1 sj\u00fakrah\u00fasi<\/span><span lang=\"EN-US\">nu<\/span><span lang=\"IS\">&nbsp;hitti Gu\u00f0r\u00fan Kristj\u00e1nsd\u00f3ttir hj\u00fakrunarfr\u00e6\u00f0ing Gu\u00f0r\u00fanu Hildi Bjarnad\u00f3ttur sem ger\u00f0ist vinkona hennar fyrir alla \u00e6vi. Gu\u00f0r\u00fan Hildur byrja\u00f0i a\u00f0 l\u00e6ra r\u00fassnesku og kom me\u00f0 Gu\u00f0r\u00fanu til R\u00fasslands \u00e1 \u00e1runum 2007, 2008, 2009, 2012 og 2019.&nbsp;<\/span><\/p>\n<figure id=\"attachment_10673\" aria-describedby=\"caption-attachment-10673\" style=\"width: 1024px\" class=\"wp-caption aligncenter\"><a href=\"http:\/\/odri.msk.ru\/wp-content\/uploads\/2023\/02\/\u0421\u0430\u043b\u044c\u043d\u0438\u043a\u043e\u0432-\u0438-\u0413\u0443\u043d\u043d\u044b-scaled.jpg\"><img loading=\"lazy\" decoding=\"async\" class=\"wp-image-10673 size-large\" src=\"http:\/\/odri.msk.ru\/wp-content\/uploads\/2023\/02\/\u0421\u0430\u043b\u044c\u043d\u0438\u043a\u043e\u0432-\u0438-\u0413\u0443\u043d\u043d\u044b-1024x768.jpg\" alt=\"\" width=\"1024\" height=\"768\" srcset=\"https:\/\/odri.msk.ru\/wp-content\/uploads\/2023\/02\/\u0421\u0430\u043b\u044c\u043d\u0438\u043a\u043e\u0432-\u0438-\u0413\u0443\u043d\u043d\u044b-1024x768.jpg 1024w, https:\/\/odri.msk.ru\/wp-content\/uploads\/2023\/02\/\u0421\u0430\u043b\u044c\u043d\u0438\u043a\u043e\u0432-\u0438-\u0413\u0443\u043d\u043d\u044b-300x225.jpg 300w, https:\/\/odri.msk.ru\/wp-content\/uploads\/2023\/02\/\u0421\u0430\u043b\u044c\u043d\u0438\u043a\u043e\u0432-\u0438-\u0413\u0443\u043d\u043d\u044b-150x113.jpg 150w, https:\/\/odri.msk.ru\/wp-content\/uploads\/2023\/02\/\u0421\u0430\u043b\u044c\u043d\u0438\u043a\u043e\u0432-\u0438-\u0413\u0443\u043d\u043d\u044b-768x576.jpg 768w, https:\/\/odri.msk.ru\/wp-content\/uploads\/2023\/02\/\u0421\u0430\u043b\u044c\u043d\u0438\u043a\u043e\u0432-\u0438-\u0413\u0443\u043d\u043d\u044b-1536x1152.jpg 1536w, https:\/\/odri.msk.ru\/wp-content\/uploads\/2023\/02\/\u0421\u0430\u043b\u044c\u043d\u0438\u043a\u043e\u0432-\u0438-\u0413\u0443\u043d\u043d\u044b-2048x1536.jpg 2048w\" sizes=\"auto, (max-width: 1024px) 100vw, 1024px\" \/><\/a><figcaption id=\"caption-attachment-10673\" class=\"wp-caption-text\">Moskva, 2012. J\u00farij Salnikov, Gu\u00f0r\u00fan Kristj\u00e1nsd\u00f3ttir og Gu\u00f0r\u00fan Hildur Bjarnad\u00f3ttir.<\/figcaption><\/figure>\n<p class=\"228bf8a64b8551e1MsoNormal\"><span lang=\"IS\">\u00c1ri\u00f0 2019 Kom Gu\u00f0r\u00fan Kristj\u00e1nsd\u00f3ttir til R\u00fasslands \u00ed s\u00ed\u00f0asta sinn. Gu\u00f0r\u00fan Hildur me\u00f0 tv\u00edburasystur R\u00f3samundu fylgdu henni. G\u00f3\u00f0ar m\u00f3tt\u00f6kur voru fengnar hj\u00e1 \u00edslenska sendir\u00e1\u00f0inu og \u00fear hlaut Gu\u00f0r\u00fan Kristj\u00e1nsd\u00f3ttir ver\u00f0launapening ODR\u00cd sj\u00e1lfseignarstofnunar fyrir vin\u00e1ttu og samstarf.<\/span><\/p>\n<figure id=\"attachment_10681\" aria-describedby=\"caption-attachment-10681\" style=\"width: 1024px\" class=\"wp-caption aligncenter\"><a href=\"http:\/\/odri.msk.ru\/wp-content\/uploads\/2023\/02\/IMG_20190906_142426-scaled.jpg\"><img loading=\"lazy\" decoding=\"async\" class=\"wp-image-10681 size-large\" src=\"http:\/\/odri.msk.ru\/wp-content\/uploads\/2023\/02\/IMG_20190906_142426-1024x768.jpg\" alt=\"\" width=\"1024\" height=\"768\" srcset=\"https:\/\/odri.msk.ru\/wp-content\/uploads\/2023\/02\/IMG_20190906_142426-1024x768.jpg 1024w, https:\/\/odri.msk.ru\/wp-content\/uploads\/2023\/02\/IMG_20190906_142426-300x225.jpg 300w, https:\/\/odri.msk.ru\/wp-content\/uploads\/2023\/02\/IMG_20190906_142426-150x112.jpg 150w, https:\/\/odri.msk.ru\/wp-content\/uploads\/2023\/02\/IMG_20190906_142426-768x576.jpg 768w, https:\/\/odri.msk.ru\/wp-content\/uploads\/2023\/02\/IMG_20190906_142426-1536x1152.jpg 1536w, https:\/\/odri.msk.ru\/wp-content\/uploads\/2023\/02\/IMG_20190906_142426-2048x1536.jpg 2048w\" sizes=\"auto, (max-width: 1024px) 100vw, 1024px\" \/><\/a><figcaption id=\"caption-attachment-10681\" class=\"wp-caption-text\">R\u00f3samunda Bjarnad\u00f3ttir, J\u00farij Salnikov, Gu\u00f0r\u00fan Kristj\u00e1nsd\u00f3ttir, Berglind \u00c1sgeirsd\u00f3ttir, Elena Barinova og Gu\u00f0r\u00fan Hildur Bjarnad\u00f3ttir a\u00f0 dyrum \u00edslenska sendir\u00e1\u00f0sins \u00ed Moskvu, 2019.<\/figcaption><\/figure>\n<p class=\"228bf8a64b8551e1MsoNormal\"><span lang=\"IS\">\u00cd okt\u00f3ber 2019 heims\u00f3tti Elena Barinova Gu\u00f0r\u00fan \u00ed h\u00fasinu hennar \u00ed \u00de\u00f3rsh\u00f6fn \u00fear sem h\u00fan kom reglulega \u00fe\u00f3tt h\u00fan \u00e6tti heima \u00ed n\u00e1grenni vi\u00f0 d\u00f3ttur s\u00edna N\u00f6nnu \u00ed Sv\u00ed\u00fej\u00f3\u00f0&#8230;<\/span><\/p>\n<figure id=\"attachment_10718\" aria-describedby=\"caption-attachment-10718\" style=\"width: 1024px\" class=\"wp-caption aligncenter\"><a href=\"http:\/\/odri.msk.ru\/wp-content\/uploads\/2023\/03\/IMG_20191005_132435-scaled.jpg\"><img loading=\"lazy\" decoding=\"async\" class=\"wp-image-10718 size-large\" src=\"http:\/\/odri.msk.ru\/wp-content\/uploads\/2023\/03\/IMG_20191005_132435-1024x768.jpg\" alt=\"\" width=\"1024\" height=\"768\" srcset=\"https:\/\/odri.msk.ru\/wp-content\/uploads\/2023\/03\/IMG_20191005_132435-1024x768.jpg 1024w, https:\/\/odri.msk.ru\/wp-content\/uploads\/2023\/03\/IMG_20191005_132435-300x225.jpg 300w, https:\/\/odri.msk.ru\/wp-content\/uploads\/2023\/03\/IMG_20191005_132435-150x112.jpg 150w, https:\/\/odri.msk.ru\/wp-content\/uploads\/2023\/03\/IMG_20191005_132435-768x576.jpg 768w, https:\/\/odri.msk.ru\/wp-content\/uploads\/2023\/03\/IMG_20191005_132435-1536x1152.jpg 1536w, https:\/\/odri.msk.ru\/wp-content\/uploads\/2023\/03\/IMG_20191005_132435-2048x1536.jpg 2048w\" sizes=\"auto, (max-width: 1024px) 100vw, 1024px\" \/><\/a><figcaption id=\"caption-attachment-10718\" class=\"wp-caption-text\">\u00de\u00f3rsh\u00f6fn. Okt\u00f3ber 2019 . Elena Barinova \u043eg Gu\u00f0r\u00fan Kristjansd\u00f3ttir<\/figcaption><\/figure>\n<p class=\"228bf8a64b8551e1MsoNormal\"><span lang=\"IS\">Jar\u00f0neska l\u00edfi\u00f0 Gu\u00f0r\u00fanar Kristj\u00e1nsd\u00f3ttur er li\u00f0i\u00f0 undir lok en vi\u00f0 skulum muna eftir henni sem fallegri, g\u00f3\u00f0ri, g\u00e1fa\u00f0ri, duglegri, elskandi konu sem \u00feekkti R\u00fassland og r\u00fassneska menningu. <\/span><\/p>\n<p class=\"228bf8a64b8551e1MsoNormal\"><span lang=\"IS\">M\u00e6trar minningar &#8230;<\/span><\/p>\n<p class=\"228bf8a64b8551e1MsoNormal\"><span lang=\"IS\">H\u00f6fundur<\/span>:<span lang=\"IS\"> Elena Barinova.<\/span><span lang=\"IS\">\u00de\u00fd\u00f0andi: Alla Barkova.<\/span><span lang=\"IS\">Pr\u00f3farkalesari: Olga Markelova<\/span><\/p>\n","protected":false},"excerpt":{"rendered":"<p>Gu\u00f0r\u00fan Kristj\u00e1nsd\u00f3ttir (komin \u00ed heiminn 20. ma\u00ed 1939, l\u00e9st 25. februar 2023) var f\u00e6dd \u00ed Reykjav\u00edk \u00ed&nbsp; fj\u00f6lskyldu Kristj\u00e1ns P\u00e1ls P\u00e9turssonar, sj\u00f3manns a\u00f0 \u00e6tt og uppruna. H\u00fan var d\u00f3ttir h\u00fasm\u00f3\u00f0ur N\u00f6nnu Gu\u00f0mundsd\u00f3ttur, en Nanna var d\u00f3ttir eins af stofnendum Samfylkingarinnar, Gu\u00f0mundar J\u00f3nssonar. Gu\u00f0r\u00fan minntist a\u00f0 hann v\u00e6ri mj\u00f6g hei\u00f0arlegur og duglegur ma\u00f0ur. \u00dea\u00f0 voru fimm [&hellip;]<\/p>\n","protected":false},"author":1,"featured_media":10686,"comment_status":"closed","ping_status":"open","sticky":false,"template":"","format":"standard","meta":{"ngg_post_thumbnail":0,"footnotes":""},"categories":[256,153],"tags":[],"class_list":["post-10742","post","type-post","status-publish","format-standard","has-post-thumbnail","hentry","category-maetrar-minningar","category-153"],"_links":{"self":[{"href":"https:\/\/odri.msk.ru\/index.php?rest_route=\/wp\/v2\/posts\/10742","targetHints":{"allow":["GET"]}}],"collection":[{"href":"https:\/\/odri.msk.ru\/index.php?rest_route=\/wp\/v2\/posts"}],"about":[{"href":"https:\/\/odri.msk.ru\/index.php?rest_route=\/wp\/v2\/types\/post"}],"author":[{"embeddable":true,"href":"https:\/\/odri.msk.ru\/index.php?rest_route=\/wp\/v2\/users\/1"}],"replies":[{"embeddable":true,"href":"https:\/\/odri.msk.ru\/index.php?rest_route=%2Fwp%2Fv2%2Fcomments&post=10742"}],"version-history":[{"count":16,"href":"https:\/\/odri.msk.ru\/index.php?rest_route=\/wp\/v2\/posts\/10742\/revisions"}],"predecessor-version":[{"id":10767,"href":"https:\/\/odri.msk.ru\/index.php?rest_route=\/wp\/v2\/posts\/10742\/revisions\/10767"}],"wp:featuredmedia":[{"embeddable":true,"href":"https:\/\/odri.msk.ru\/index.php?rest_route=\/wp\/v2\/media\/10686"}],"wp:attachment":[{"href":"https:\/\/odri.msk.ru\/index.php?rest_route=%2Fwp%2Fv2%2Fmedia&parent=10742"}],"wp:term":[{"taxonomy":"category","embeddable":true,"href":"https:\/\/odri.msk.ru\/index.php?rest_route=%2Fwp%2Fv2%2Fcategories&post=10742"},{"taxonomy":"post_tag","embeddable":true,"href":"https:\/\/odri.msk.ru\/index.php?rest_route=%2Fwp%2Fv2%2Ftags&post=10742"}],"curies":[{"name":"wp","href":"https:\/\/api.w.org\/{rel}","templated":true}]}}